{"id":591,"date":"2012-10-29T05:00:33","date_gmt":"2012-10-29T05:00:33","guid":{"rendered":"http:\/\/www.encontrapelotas.com.br\/noticias\/?p=591"},"modified":"2013-08-16T14:17:05","modified_gmt":"2013-08-16T14:17:05","slug":"criado-o-museu-da-cidade-de-pelotas","status":"publish","type":"post","link":"https:\/\/www.encontrapelotas.com.br\/noticias\/criado-o-museu-da-cidade-de-pelotas\/","title":{"rendered":"Criado o Museu da Cidade de Pelotas"},"content":{"rendered":"<p>Lei Municipal aprovada pela C\u00e2mara Municipal e sancionada pelo prefeito Fetter, neste dia 25 de outubro, criou o Museu da Cidade de Pelotas, que ser\u00e1 instalado nas depend\u00eancias do Casar\u00e3o n\u00ba 06, na Pra\u00e7a Coronel Pedro Os\u00f3rio.<\/p>\n<p>O Museu da Cidade de Pelotas, vinculado \u00e0 Secretaria Municipal de Cultura, ter\u00e1 por miss\u00e3o a salvaguarda de bens de valor hist\u00f3rico e cultural referentes ao Munic\u00edpio, bem como a sua investiga\u00e7\u00e3o, comunica\u00e7\u00e3o, interpreta\u00e7\u00e3o e exposi\u00e7\u00e3o ao p\u00fablico para fins de preserva\u00e7\u00e3o, estudo, pesquisa, turismo, contempla\u00e7\u00e3o e promo\u00e7\u00e3o do conhecimento e educa\u00e7\u00e3o a servi\u00e7o da sociedade e de seu desenvolvimento.<\/p>\n<p>O Museu prop\u00f5e-se a receber acervo e cole\u00e7\u00f5es que sejam relacionadas \u00e0 hist\u00f3ria de Pelotas e ter\u00e1 espa\u00e7o reservado para exposi\u00e7\u00f5es de longa e curta dura\u00e7\u00e3o, reserva t\u00e9cnica, n\u00facleo de documenta\u00e7\u00e3o e pesquisa, biblioteca, n\u00facleo de expografia e comunica\u00e7\u00e3o visual, laborat\u00f3rio de conserva\u00e7\u00e3o, n\u00facleo de a\u00e7\u00f5es educativas, audit\u00f3rio, espa\u00e7o multiuso, recep\u00e7\u00e3o e\/ou espa\u00e7o de acolhimento, loja, n\u00facleo de administra\u00e7\u00e3o, sala de reuni\u00f5es, almoxarifado e dep\u00f3sito apoio\/manuten\u00e7\u00e3o.<\/p>\n<p><em>Fonte: Prefeitura Municipal de Pelotas<\/em><\/p>\n","protected":false},"excerpt":{"rendered":"<p>Lei Municipal aprovada pela C\u00e2mara Municipal e sancionada pelo prefeito Fetter, neste dia 25 de outubro, criou o Museu da Cidade de Pelotas, que ser\u00e1 instalado nas depend\u00eancias do Casar\u00e3o n\u00ba 06, na Pra\u00e7a Coronel Pedro Os\u00f3rio. O Museu da Cidade de Pelotas, vinculado \u00e0 Secretaria Municipal de Cultura, ter\u00e1 por miss\u00e3o a salvaguarda de [&hellip;]<\/p>\n","protected":false},"author":1,"featured_media":0,"comment_status":"open","ping_status":"open","sticky":false,"template":"","format":"standard","meta":{"footnotes":""},"categories":[6,8],"tags":[15],"class_list":["post-591","post","type-post","status-publish","format-standard","hentry","category-noticias","category-servicos","tag-pelotas"],"_links":{"self":[{"href":"https:\/\/www.encontrapelotas.com.br\/noticias\/wp-json\/wp\/v2\/posts\/591","targetHints":{"allow":["GET"]}}],"collection":[{"href":"https:\/\/www.encontrapelotas.com.br\/noticias\/wp-json\/wp\/v2\/posts"}],"about":[{"href":"https:\/\/www.encontrapelotas.com.br\/noticias\/wp-json\/wp\/v2\/types\/post"}],"author":[{"embeddable":true,"href":"https:\/\/www.encontrapelotas.com.br\/noticias\/wp-json\/wp\/v2\/users\/1"}],"replies":[{"embeddable":true,"href":"https:\/\/www.encontrapelotas.com.br\/noticias\/wp-json\/wp\/v2\/comments?post=591"}],"version-history":[{"count":2,"href":"https:\/\/www.encontrapelotas.com.br\/noticias\/wp-json\/wp\/v2\/posts\/591\/revisions"}],"predecessor-version":[{"id":1200,"href":"https:\/\/www.encontrapelotas.com.br\/noticias\/wp-json\/wp\/v2\/posts\/591\/revisions\/1200"}],"wp:attachment":[{"href":"https:\/\/www.encontrapelotas.com.br\/noticias\/wp-json\/wp\/v2\/media?parent=591"}],"wp:term":[{"taxonomy":"category","embeddable":true,"href":"https:\/\/www.encontrapelotas.com.br\/noticias\/wp-json\/wp\/v2\/categories?post=591"},{"taxonomy":"post_tag","embeddable":true,"href":"https:\/\/www.encontrapelotas.com.br\/noticias\/wp-json\/wp\/v2\/tags?post=591"}],"curies":[{"name":"wp","href":"https:\/\/api.w.org\/{rel}","templated":true}]}}